[{"@context":"https:\/\/schema.org\/","@type":"Article","@id":"https:\/\/www.stawil.sk\/zmena-je-zivot\/#Article","mainEntityOfPage":"https:\/\/www.stawil.sk\/zmena-je-zivot\/","headline":"Zmena je \u017eivot","name":"Zmena je \u017eivot","description":"Na svete je asi najviac brunetiek. Ke\u010f\u017ee ka\u017ed\u00e1 \u017eena t\u00fa\u017ei nejako vynika\u0165 a\u00a0mo\u017eno pr\u00e1ve preto, brunetky naj\u010dastej\u0161ie zmenia farbu svojich vlasov. Ve\u013ek\u00fd rozdiel v\u00a0p\u00f4vodnej a\u00a0novej farbe nie je vidie\u0165. V\u00e4\u010d\u0161inou ide len&hellip;","datePublished":"2017-06-30","dateModified":"2023-04-27","author":{"@type":"Person","@id":"https:\/\/www.stawil.sk\/author\/#Person","name":"","url":"https:\/\/www.stawil.sk\/author\/","identifier":1,"image":{"@type":"ImageObject","@id":"https:\/\/secure.gravatar.com\/avatar\/ccdd701717dc93db07d73e0c11dbbb8b91524cccc3bfbd3baea83667a3ebf5d6?s=96&d=mm&r=g","url":"https:\/\/secure.gravatar.com\/avatar\/ccdd701717dc93db07d73e0c11dbbb8b91524cccc3bfbd3baea83667a3ebf5d6?s=96&d=mm&r=g","height":96,"width":96}},"publisher":{"@type":"Organization","name":"stawil.sk","logo":{"@type":"ImageObject","@id":"\/logo.png","url":"\/logo.png","width":600,"height":60}},"image":{"@type":"ImageObject","@id":"https:\/\/www.stawil.sk\/wp-content\/uploads\/img_a282252_w16484_t1504109113.jpg","url":"https:\/\/www.stawil.sk\/wp-content\/uploads\/img_a282252_w16484_t1504109113.jpg","height":0,"width":0},"url":"https:\/\/www.stawil.sk\/zmena-je-zivot\/","wordCount":396,"articleBody":"Na svete je asi najviac brunetiek. Ke\u010f\u017ee ka\u017ed\u00e1 \u017eena t\u00fa\u017ei nejako vynika\u0165 a\u00a0mo\u017eno pr\u00e1ve preto, brunetky naj\u010dastej\u0161ie zmenia farbu svojich vlasov. Ve\u013ek\u00fd rozdiel v\u00a0p\u00f4vodnej a\u00a0novej farbe nie je vidie\u0165. V\u00e4\u010d\u0161inou ide len o\u00a0odtiene p\u00f4vodnej farby, ale zmena je zmena a\u00a0aj toto sa po\u010d\u00edta.Pri farben\u00ed vlasov ( hlavne pri prvom farben\u00ed) by ste mali zobra\u0165 do \u00favahy aj p\u00e1r faktorov, ktor\u00e9 pri n\u00e1v\u0161teve kadern\u00edckeho sal\u00f3nu vezmite do \u00favahy.\u010casDopredu sa op\u00fdtajte kadern\u00edka ako dlho trv\u00e1 proced\u00fara. Naj\u010dastej\u0161ie to z\u00e1vis\u00ed od toho ak\u00fa v\u00fdsledn\u00fa farbu chcete ma\u0165. Ak t\u00fa\u017eite po tmav\u0161om odtieni (a\u017e \u010diernom) nebude to trva\u0165 dlho. Hor\u0161ie to je ak chcete svetlej\u0161iu farbu. Najprv bude treba Va\u0161e vlasy zosvetli\u0165 a\u00a0a\u017e potom zafarbi\u0165 do po\u017eadovan\u00e9ho odtie\u0148u. V\u00a0kadern\u00edctve sa m\u00f4\u017eete zdr\u017ea\u0165 aj nieko\u013eko hod\u00edn.CenaAj ke\u010f n\u00e1jdete cenn\u00edk na dver\u00e1ch kadern\u00edctva, m\u00f4\u017ee V\u00e1s v\u00fdsledn\u00fd \u00fa\u010det nemilo prekvapi\u0165. Ak si k\u00a0tomu prir\u00e1tate aj podstrihnutie a\u00a0umytie vlasov tak v\u00fdsledn\u00fd \u00fa\u010det bude o\u00a0p\u00e1r euro vy\u0161\u0161\u00ed, ale len v\u00a0pr\u00edpade, \u017ee chcete vlasy ma\u0165 tmav\u0161ie ako boli. Pokia\u013e ich chcete zosvetli\u0165, tak \u00fa\u010det bude asi raz tak\u00fd. Zosvetlenie a\u00a0n\u00e1sledn\u00e9 zafarbenie po\u010d\u00edtajte ako dvojit\u00fd proces farbenia.Kvalita vlasovZmen\u00ed sa aj Va\u0161a kvalita vlasov. Budete ma\u0165 pocit, \u017ee farben\u00e9 vlasy s\u00fa \u201esuch\u0161ie\u201c a\u00a0hrub\u0161ie. Je jedno \u010di ste sa dali zafarbi\u0165 tmav\u0161ie, alebo svetlej\u0161ie, ten pocit ma\u0165 budete. Ak m\u00e1te jemn\u00e9, red\u0161ie vlasy bude to pre V\u00e1s len plus. Vlasy z\u00edskaj\u00fa na objeme. Ak m\u00e1te vlasy prirodzene such\u00e9 a\u00a0l\u00e1mav\u00e9, povedzte to kadern\u00edkovi, po skon\u010den\u00ed farbenia V\u00e1m na vlasy d\u00e1 vhodn\u00fd balzam \u010di kondicion\u00e9r.Pri farben\u00ed na svetlej\u0161\u00ed odtie\u0148 sa ne\u013eakajte. Va\u0161e vlasy bud\u00fa ma\u0165 r\u00f4zne odtiene. Pod\u013ea toho \u010di chcete by\u0165 svetlej\u0161ia len o\u00a0p\u00e1r odtie\u0148ov, alebo \u00fapln\u00e1 blond\u00ednka bud\u00fa Va\u0161e vlasy meni\u0165 farbu pri bielen\u00ed. Najsk\u00f4r bud\u00fa mosadzn\u00e9, potom oran\u017eov\u00e9 a\u00a0n\u00e1sledne m\u00f4\u017eu prejs\u0165 do bledo\u017eltej farby. A\u017e potom bude nasledova\u0165 farbenie na Vami po\u017eadovan\u00fd bled\u0161\u00ed odtie\u0148.                                                                                                                                                                                                                                                                                                                                                                                                "},{"@context":"https:\/\/schema.org\/","@type":"BreadcrumbList","itemListElement":[{"@type":"ListItem","position":1,"name":"Zmena je \u017eivot","item":"https:\/\/www.stawil.sk\/zmena-je-zivot\/#breadcrumbitem"}]}]