[{"@context":"https:\/\/schema.org\/","@type":"Article","@id":"https:\/\/www.stawil.sk\/mobilny-dom-plnohodnotne-zastupi-i-maly-rodinny-domcek\/#Article","mainEntityOfPage":"https:\/\/www.stawil.sk\/mobilny-dom-plnohodnotne-zastupi-i-maly-rodinny-domcek\/","headline":"Mobiln\u00fd dom plnohodnotne zast\u00fapi i mal\u00fd rodinn\u00fd dom\u010dek","name":"Mobiln\u00fd dom plnohodnotne zast\u00fapi i mal\u00fd rodinn\u00fd dom\u010dek","description":"B\u00fdvate v panel\u00e1ku a prest\u00e1va v\u00e1s to bavi\u0165. Presne tak to bolo u n\u00e1s. Ja aj m\u00f4j man\u017eel sme vyrastali v rodinn\u00fdch domoch. Ke\u010f sme sa v\u0161ak dali dokopy, i\u0161li sme b\u00fdva\u0165&hellip;","datePublished":"2019-08-06","dateModified":"2023-04-27","author":{"@type":"Person","@id":"https:\/\/www.stawil.sk\/author\/#Person","name":"","url":"https:\/\/www.stawil.sk\/author\/","identifier":1,"image":{"@type":"ImageObject","@id":"https:\/\/secure.gravatar.com\/avatar\/ccdd701717dc93db07d73e0c11dbbb8b91524cccc3bfbd3baea83667a3ebf5d6?s=96&d=mm&r=g","url":"https:\/\/secure.gravatar.com\/avatar\/ccdd701717dc93db07d73e0c11dbbb8b91524cccc3bfbd3baea83667a3ebf5d6?s=96&d=mm&r=g","height":96,"width":96}},"publisher":{"@type":"Organization","name":"stawil.sk","logo":{"@type":"ImageObject","@id":"\/logo.png","url":"\/logo.png","width":600,"height":60}},"image":{"@type":"ImageObject","@id":"https:\/\/www.stawil.sk\/wp-content\/uploads\/img_a307064_w16652_t1569836347.jpg","url":"https:\/\/www.stawil.sk\/wp-content\/uploads\/img_a307064_w16652_t1569836347.jpg","height":0,"width":0},"url":"https:\/\/www.stawil.sk\/mobilny-dom-plnohodnotne-zastupi-i-maly-rodinny-domcek\/","about":["Auto"],"wordCount":415,"articleBody":"         B\u00fdvate v panel\u00e1ku a prest\u00e1va v\u00e1s to bavi\u0165. Presne tak to bolo u n\u00e1s. Ja aj m\u00f4j man\u017eel sme vyrastali v rodinn\u00fdch domoch. Ke\u010f sme sa v\u0161ak dali dokopy, i\u0161li sme b\u00fdva\u0165 do mesta, ako inak, kv\u00f4li pr\u00e1ci. Domy v centre boli pre n\u00e1s nere\u00e1lne, preto\u017ee sme nemali to\u013eko pe\u0148az\u00ed naraz. Tak\u017ee sme zvoli alternat\u00edvu, ktor\u00fa sme boli schopn\u00ed zvl\u00e1da\u0165 po finan\u010dnej str\u00e1nke. Prenajali sme si byt, v ktorom n\u00e1s to v\u0161ak absol\u00fatne nebavilo. Po nejakom \u010dase sme sa teda za\u010dali obzera\u0165 po rie\u0161en\u00ed, ktor\u00e9 by pre n\u00e1s bolo re\u00e1lne a z\u00e1rove\u0148 vyhovuj\u00facej\u0161ie. Po kr\u00e1tkom h\u013eadan\u00ed sme narazili na mobiln\u00e9 domy https:\/\/www.euro-mobilnedomy.sk\/. Toto rie\u0161enie bolo pre n\u00e1s ako stvoren\u00e9. Cena men\u0161ieho dom\u010deku sa pohybuje okolo desa\u0165 tis\u00edc eur. V predajniach v\u0161ak n\u00e1jdete aj omnoho lacnej\u0161ie k\u00fasky. Mus\u00edte v\u0161ak po\u010d\u00edta\u0165 s t\u00fdm, \u017ee bud\u00fa tro\u0161ku men\u0161ie a mo\u017eno i pou\u017e\u00edvan\u00e9, no to im na kvalite neuber\u00e1. Samozrejme, \u017ee si k tejto cene mus\u00edte pripo\u010d\u00edta\u0165 aj cenu pozemku. Na druhej strane je ale ve\u013emi pravdepodobn\u00e9, \u017ee u\u017e nejak\u00fd men\u0161\u00ed vlastn\u00edte. Mo\u017eno ste na \u0148om pl\u00e1novali z\u00e1hradk\u00e1r\u010di\u0165 alebo postavi\u0165 v\u00edkendov\u00fd dom\u010dek. Tak svoje pl\u00e1ny prehodno\u0165te, preto\u017ee ak si na neho postav\u00edte mobiln\u00fd dom\u010dek, m\u00f4\u017eete ho vyu\u017e\u00edva\u0165 aj ako chatu, ale taktie\u017e ako celoro\u010dn\u00e9 b\u00fdvanie. Obrovskou v\u00fdhodou je, \u017ee nemus\u00edte rie\u0161i\u0165 stavebn\u00e9 povolenia. Ono je to s t\u00fdmi povolaniami tro\u0161ku zamotan\u00e9. Ak si dm pripoj\u00edte na vodu alebo odpad, tak sa v tom \u00farady m\u00f4\u017eu za\u010da\u0165 r\u00fdpa\u0165. V na\u0161om pr\u00edpade sme v\u0161ak \u0161li na stavebn\u00fd \u00farad a dohodli sa na tom, \u017ee mobiln\u00fd dom nahl\u00e1sime ako mal\u00fa stavbu, na ktor\u00fa povolenie taktie\u017e nie je potrebn\u00e9.  No a e\u0161te k samotn\u00e9mu mobiln\u00e9mu domu. Tie, ktor\u00e9 s\u00fa ur\u010dit\u00e9 na celoro\u010dn\u00e9 b\u00fdvanie, maj\u00fa \u00fastredn\u00e9 k\u00farenie a s\u00fa zateplen\u00e9. Ak teda prem\u00fd\u0161\u013eate nad t\u00fdm, \u017ee chcete dom ob\u00fdva\u0165 po cel\u00fd rok, ur\u010dite sa obzerajte po tejto mo\u017enosti. Po pripojen\u00ed na vodu a odpad, bude mobiln\u00fd dom plnohodnotne nahr\u00e1dza\u0165 ten klasick\u00fd a murovan\u00fd.                                                                                                                                                                                                                                                                                                                                                                                                  "},{"@context":"https:\/\/schema.org\/","@type":"BreadcrumbList","itemListElement":[{"@type":"ListItem","position":1,"name":"Mobiln\u00fd dom plnohodnotne zast\u00fapi i mal\u00fd rodinn\u00fd dom\u010dek","item":"https:\/\/www.stawil.sk\/mobilny-dom-plnohodnotne-zastupi-i-maly-rodinny-domcek\/#breadcrumbitem"}]}]