[{"@context":"https:\/\/schema.org\/","@type":"Article","@id":"https:\/\/www.stawil.sk\/kde-je-nas-skutocny-domov\/#Article","mainEntityOfPage":"https:\/\/www.stawil.sk\/kde-je-nas-skutocny-domov\/","headline":"Kde je n\u00e1\u0161 skuto\u010dn\u00fd domov?","name":"Kde je n\u00e1\u0161 skuto\u010dn\u00fd domov?","description":"Ako si predstavujeme n\u00e1\u0161 ozajstn\u00fd domov? M\u00f4\u017eeme sa pres\u0165ahova\u0165 na chv\u00ed\u013eu do hotela alebo do nov\u00e9ho bytu po niekom inom, no v srdci c\u00edtime, \u017ee to akosi nie sme my a akoby&hellip;","datePublished":"2018-02-25","dateModified":"2023-04-27","author":{"@type":"Person","@id":"https:\/\/www.stawil.sk\/author\/#Person","name":"","url":"https:\/\/www.stawil.sk\/author\/","identifier":1,"image":{"@type":"ImageObject","@id":"https:\/\/secure.gravatar.com\/avatar\/ccdd701717dc93db07d73e0c11dbbb8b91524cccc3bfbd3baea83667a3ebf5d6?s=96&d=mm&r=g","url":"https:\/\/secure.gravatar.com\/avatar\/ccdd701717dc93db07d73e0c11dbbb8b91524cccc3bfbd3baea83667a3ebf5d6?s=96&d=mm&r=g","height":96,"width":96}},"publisher":{"@type":"Organization","name":"stawil.sk","logo":{"@type":"ImageObject","@id":"\/logo.png","url":"\/logo.png","width":600,"height":60}},"image":{"@type":"ImageObject","@id":"https:\/\/www.stawil.sk\/wp-content\/uploads\/img_a287237_w16478_t1524674758.jpg","url":"https:\/\/www.stawil.sk\/wp-content\/uploads\/img_a287237_w16478_t1524674758.jpg","height":0,"width":0},"url":"https:\/\/www.stawil.sk\/kde-je-nas-skutocny-domov\/","wordCount":421,"articleBody":"\tAko si predstavujeme n\u00e1\u0161 ozajstn\u00fd domov? M\u00f4\u017eeme sa pres\u0165ahova\u0165 na chv\u00ed\u013eu do hotela alebo do nov\u00e9ho bytu po niekom inom, no v srdci c\u00edtime, \u017ee to akosi nie sme my a akoby sme boli st\u00e1le v cudzom byte.\t\t\u2022 Kde je n\u00e1\u0161 skuto\u010dn\u00fd domov a ako vyzer\u00e1?\tT\u00e1to ot\u00e1zka je zlo\u017eitej\u0161ia, ne\u017e sa na prv\u00fd poh\u013ead zd\u00e1. &#8222;Kone\u010dne som doma!&#8220; Touto vetou ozna\u010dujeme priestor, v ktorom sa c\u00edtime kone\u010dne dobre a pohodlne. Nemus\u00ed sa jedna\u0165 o ofici\u00e1lne bydlisko, v ktorom m\u00e1me pobyt. Touto vetou ozna\u010dujeme skr\u00e1tka priestor, v ktorom sa c\u00edtime naozaj \u00faprimne dobre. No ale pre\u010do si tak\u00fato pohodu a ten pocit skuto\u010dn\u00e9ho domova nedopria\u0165 pr\u00e1ve v na\u0161om byte? V\u00fdznam tej vety by bol kone\u010dne logick\u00fd a d\u00e1val by zmysel. Vyrie\u0161ili by sme t\u00fato ot\u00e1zku raz a nav\u017edy. Bol by n\u00e1\u0161im domovom ofici\u00e1lne no i t\u00fdm skuto\u010dn\u00fdm, od srdca. Vo svojom srdci \u010dlovek sv\u00f4j p\u00f4vod nezaprie a tak\u00fd prav\u00fd Slov\u00e1k m\u00e1 r\u00e1d v\u00f4\u0148u a \u010derstv\u00fd vzduch Tatier. Nie len Slov\u00e1k ale aj turisti, ktor\u00ed sem za t\u00fdm \u010derstv\u00fdm vzduchom chodia z dia\u013eky. Skr\u00e1tka ale predov\u0161etk\u00fdm by mali by\u0165 Tatry, borovica, smrek vizitkou tak\u00e9ho prav\u00e9ho Slov\u00e1ka. Zvl\u00e1\u0161\u0165 my by sme mali v tomto prostred\u00ed c\u00edti\u0165 na\u0161u skuto\u010dn\u00fa domovinu, s ktorou sa v\u0161ak chceme podeli\u0165 i s turistami a n\u00e1v\u0161tevn\u00edkmi. No viete o tom, \u017ee tak\u00e9to prostredie svie\u017eej tatranskej domoviny si m\u00f4\u017eete dopraja\u0165 aj vo va\u0161ich izb\u00e1ch \u010di vo Va\u0161om exteri\u00e9ri? Viac potrebn\u00fdch a zauj\u00edmav\u00fdch inform\u00e1ci\u00ed sa dozviete i po kliknut\u00ed sem:\t\t Tak \u010do? Zaujali V\u00e1s \u010dl\u00e1nok? Zaujala V\u00e1s met\u00f3da, akou si niektor\u00ed Slov\u00e1ci skr\u00e1\u0161\u013euj\u00fa interi\u00e9r i exteri\u00e9r svojho pozemku? Skuto\u010dne ide o sympatick\u00fd \u0161t\u00fdl v\u00fdzdoby, ktor\u00fd n\u00e1m navy\u0161e dopraje i teplo v miestnosti. Okrem in\u00e9ho aj pr\u00edjemn\u00fa v\u00f4\u0148u smrekov. Tento tatransk\u00fd obklad spr\u00edjemn\u00ed celkov\u00fa atmosf\u00e9ru pr\u00edbytku alebo skr\u00e1\u0161li a dod\u00e1 mo\u017enosti vyu\u017eitia V\u00e1\u0161ho exteri\u00e9ru, napr\u00edklad postaven\u00edm tak\u00e9ho alt\u00e1nku. Drevo zo smreka je zn\u00e1me svojou kvalitou a skr\u00e1tka d\u00e1 sa vyu\u017ei\u0165 prakticky na \u010doko\u013evek, ni\u010d n\u00edm nepokaz\u00edte.                                                                                                                                                                                                                                                                                                                                                                                                "},{"@context":"https:\/\/schema.org\/","@type":"BreadcrumbList","itemListElement":[{"@type":"ListItem","position":1,"name":"Kde je n\u00e1\u0161 skuto\u010dn\u00fd domov?","item":"https:\/\/www.stawil.sk\/kde-je-nas-skutocny-domov\/#breadcrumbitem"}]}]