[{"@context":"https:\/\/schema.org\/","@type":"Article","@id":"https:\/\/www.stawil.sk\/kancelarske-kresla-ako-darcek\/#Article","mainEntityOfPage":"https:\/\/www.stawil.sk\/kancelarske-kresla-ako-darcek\/","headline":"Kancel\u00e1rske kresl\u00e1 ako dar\u010dek","name":"Kancel\u00e1rske kresl\u00e1 ako dar\u010dek","description":"Kancel\u00e1rske kresl\u00e1 m\u00f4\u017eu by\u0165 tie\u017e skvel\u00fdm dar\u010dekom. Obdarujte svoju mil\u00fa, zn\u00e1mu alebo zn\u00e1meho, dajte kr\u00e1sny a \u00fa\u017eitkov\u00fd dar niekomu z rodiny alebo in\u00e9mu bl\u00edzkemu. Iste t\u00fdm neuraz\u00edte, obzvl\u00e1\u0161\u0165 v pr\u00edpade, \u017ee obdarovan\u00fdm&hellip;","datePublished":"2022-11-24","dateModified":"2023-11-26","author":{"@type":"Person","@id":"https:\/\/www.stawil.sk\/author\/#Person","name":"","url":"https:\/\/www.stawil.sk\/author\/","identifier":1,"image":{"@type":"ImageObject","@id":"https:\/\/secure.gravatar.com\/avatar\/ccdd701717dc93db07d73e0c11dbbb8b91524cccc3bfbd3baea83667a3ebf5d6?s=96&d=mm&r=g","url":"https:\/\/secure.gravatar.com\/avatar\/ccdd701717dc93db07d73e0c11dbbb8b91524cccc3bfbd3baea83667a3ebf5d6?s=96&d=mm&r=g","height":96,"width":96}},"publisher":{"@type":"Organization","name":"stawil.sk","logo":{"@type":"ImageObject","@id":"\/logo.png","url":"\/logo.png","width":600,"height":60}},"url":"https:\/\/www.stawil.sk\/kancelarske-kresla-ako-darcek\/","wordCount":225,"articleBody":"Kancel\u00e1rske kresl\u00e1 m\u00f4\u017eu by\u0165 tie\u017e skvel\u00fdm dar\u010dekom. Obdarujte svoju mil\u00fa, zn\u00e1mu alebo zn\u00e1meho, dajte kr\u00e1sny a \u00fa\u017eitkov\u00fd dar niekomu z rodiny alebo in\u00e9mu bl\u00edzkemu. Iste t\u00fdm neuraz\u00edte, obzvl\u00e1\u0161\u0165 v pr\u00edpade, \u017ee obdarovan\u00fdm bude osoba, ktor\u00e1 \u010dasto pracuje pri po\u010d\u00edta\u010di a vyu\u017e\u00edva kancel\u00e1rske stoli\u010dky a kresl\u00e1 na svoju ka\u017edodenn\u00fa \u010dinnos\u0165. Vyberte si ko\u017een\u00e9 luxusn\u00e9 kresl\u00e1 alebo tak\u00e9, ktor\u00e9 s\u00fa \u010dal\u00fanen\u00e9 a ich prevedenie je jednoduch\u0161ie a tie\u017e lacnej\u0161ie. V\u0161eobecne v\u0161ak pre na\u0161e produkty do kancel\u00e1ri\u00ed a firiem plat\u00ed, \u017ee s\u00fa lacnej\u0161ie ako inde.Spolupr\u00e1ca s profesion\u00e1lmi sa n\u00e1m vypl\u00e1caT\u00fdm \u017ee spolupracujeme s profesion\u00e1lnymi v\u00fdrobcami a dod\u00e1vate\u013emi kancel\u00e1rskeho n\u00e1bytku z cel\u00e9ho sveta, m\u00e1me istotu, \u017ee bude v\u017edy dostato\u010dn\u00e1 ponuka pre na\u0161ich z\u00e1kazn\u00edkov. Neust\u00e1le prin\u00e1\u0161ame nejak\u00e9 novinky a predstavujeme inovat\u00edvne dizajny a tie\u017e materi\u00e1ly, ktor\u00e9 doteraz nepozn\u00e1te, a ktor\u00e9 by sa mohli sta\u0165 hitom. Kancel\u00e1rske kresl\u00e1, ktor\u00e9 pon\u00fakame v mnoh\u00fdch variantoch, v\u00e1m bud\u00fa verne sl\u00fa\u017ei\u0165 ve\u013emi dlho. Vydr\u017eia aj t\u00fa najv\u00e4\u010d\u0161iu z\u00e1\u0165a\u017e, m\u00e1me aj tak\u00e9, ktor\u00e9 s\u00fa prisp\u00f4soben\u00e9 pre nadmern\u00e9 ve\u013ekosti a v\u00e1hy.                                                                                                                                                                                                                                                                                                                                                                                                "},{"@context":"https:\/\/schema.org\/","@type":"BreadcrumbList","itemListElement":[{"@type":"ListItem","position":1,"name":"Kancel\u00e1rske kresl\u00e1 ako dar\u010dek","item":"https:\/\/www.stawil.sk\/kancelarske-kresla-ako-darcek\/#breadcrumbitem"}]}]